{"id":987496587,"date":"2018-06-07T08:45:34","date_gmt":"2018-06-07T06:45:34","guid":{"rendered":"https:\/\/albian.es\/achema-2018-albian-group-hall-3-1-f14\/"},"modified":"2018-06-07T08:45:34","modified_gmt":"2018-06-07T06:45:34","slug":"achema-2018-albian-group-hall-3-1-f14","status":"publish","type":"post","link":"https:\/\/albian.es\/en\/achema-2018-albian-group-hall-3-1-f14\/","title":{"rendered":"ACHEMA 2018  |  Albian Group Hall 3.1 F14"},"content":{"rendered":"<p><span style=\"font-family: 'trebuchet ms', geneva, sans-serif;\">ACHEMA 2018\u00a0 |\u00a0 11-15 Junio Frankfurt, Alemania.\u00a0 |\u00a0\u00a0Albian Group Hall 3.1 F14<\/span><\/p>\n<p><span style=\"font-family: 'trebuchet ms', geneva, sans-serif;\">ACHEMA 2018 se\u00a0 constituye como el evento l\u00edder, orientador para todas las \u00e1reas de la industria de procesos, es una muestra global de las tendencias tecnol\u00f3gicas actuales y una plataforma tecnol\u00f3gica. En esta edici\u00f3n tendremos la oportunidad de presentar nuestros innovadores equipos para productos de alta potencia y alto riesgo biol\u00f3gico as\u00ed como las nuevas soluciones arquitect\u00f3nicas para salas de ambiente controlado.<\/span><\/p>\n<p><span style=\"font-family: 'trebuchet ms', geneva, sans-serif;\">Para esta actividad, Albian Group cuenta con el apoyo de ICEX, as\u00ed como con la cofinanciaci\u00f3n de Fondos europeos FEDER, habiendo contribuido seg\u00fan la medida de los mismos, al crecimiento econ\u00f3mico de esta empresa, su regi\u00f3n y de Espa\u00f1a en su conjunto.<\/span><\/p>\n<p><img loading=\"lazy\" decoding=\"async\" class=\"aligncenter wp-image-6438\" src=\"https:\/\/albian.es\/wp-content\/uploads\/\/web-FEDER3-02-1024x214.png\" alt=\"\" width=\"600\" height=\"125\" srcset=\"https:\/\/albian.es\/wp-content\/uploads\/web-FEDER3-02-1024x214.png 1024w, https:\/\/albian.es\/wp-content\/uploads\/web-FEDER3-02-300x63.png 300w, https:\/\/albian.es\/wp-content\/uploads\/web-FEDER3-02-768x160.png 768w\" sizes=\"(max-width: 600px) 100vw, 600px\" \/><\/p>\n<p style=\"text-align: center;\"><span style=\"font-family: 'trebuchet ms', geneva, sans-serif; font-size: 14pt; color: #0000ff;\"><strong>\u00a1Nos vemos en ACHEMA 2018, Hall 3.1 F14!<\/strong><\/span><\/p>\n<p style=\"text-align: center;\"><span style=\"font-family: 'trebuchet ms', geneva, sans-serif;\"><strong>TOFFLON 3.0 A25 | ROTA 3.1 D3 | CONVEL 3.1 A2 | AQUA-NOVA 5.1 A 100<\/strong><\/span><\/p>\n","protected":false},"excerpt":{"rendered":"<p>ACHEMA 2018\u00a0 |\u00a0 11-15 Junio Frankfurt, Alemania.\u00a0 |\u00a0\u00a0Albian Group Hall 3.1 F14 ACHEMA 2018 se\u00a0 constituye como el evento l\u00edder, orientador para todas las \u00e1reas de la industria de procesos, es una muestra global de las tendencias tecnol\u00f3gicas actuales y una plataforma tecnol\u00f3gica. En esta edici\u00f3n tendremos la oportunidad de presentar nuestros innovadores equipos para [&hellip;]<\/p>\n","protected":false},"author":6,"featured_media":9205,"comment_status":"closed","ping_status":"open","sticky":false,"template":"","format":"standard","meta":{"_et_pb_use_builder":"","_et_pb_old_content":"","_et_gb_content_width":"","footnotes":""},"categories":[422],"tags":[],"class_list":["post-987496587","post","type-post","status-publish","format-standard","has-post-thumbnail","hentry","category-news"],"_links":{"self":[{"href":"https:\/\/albian.es\/en\/wp-json\/wp\/v2\/posts\/987496587","targetHints":{"allow":["GET"]}}],"collection":[{"href":"https:\/\/albian.es\/en\/wp-json\/wp\/v2\/posts"}],"about":[{"href":"https:\/\/albian.es\/en\/wp-json\/wp\/v2\/types\/post"}],"author":[{"embeddable":true,"href":"https:\/\/albian.es\/en\/wp-json\/wp\/v2\/users\/6"}],"replies":[{"embeddable":true,"href":"https:\/\/albian.es\/en\/wp-json\/wp\/v2\/comments?post=987496587"}],"version-history":[{"count":0,"href":"https:\/\/albian.es\/en\/wp-json\/wp\/v2\/posts\/987496587\/revisions"}],"wp:featuredmedia":[{"embeddable":true,"href":"https:\/\/albian.es\/en\/wp-json\/wp\/v2\/media\/9205"}],"wp:attachment":[{"href":"https:\/\/albian.es\/en\/wp-json\/wp\/v2\/media?parent=987496587"}],"wp:term":[{"taxonomy":"category","embeddable":true,"href":"https:\/\/albian.es\/en\/wp-json\/wp\/v2\/categories?post=987496587"},{"taxonomy":"post_tag","embeddable":true,"href":"https:\/\/albian.es\/en\/wp-json\/wp\/v2\/tags?post=987496587"}],"curies":[{"name":"wp","href":"https:\/\/api.w.org\/{rel}","templated":true}]}}